{"id":1743,"date":"2020-03-27T10:54:45","date_gmt":"2020-03-27T10:54:45","guid":{"rendered":"http:\/\/novo.conservacao2.com\/wordpress\/?p=1743"},"modified":"2020-03-31T13:46:39","modified_gmt":"2020-03-31T13:46:39","slug":"palacio-ludovice","status":"publish","type":"post","link":"http:\/\/novo.conservacao2.com\/wordpress\/pt\/2020\/03\/27\/palacio-ludovice\/","title":{"rendered":"Pal\u00e1cio Ludovice"},"content":{"rendered":"\n<figure class=\"wp-block-image size-large\"><img decoding=\"async\" loading=\"lazy\" width=\"1024\" height=\"576\" src=\"http:\/\/novo.conservacao2.com\/wordpress\/wp-content\/uploads\/lud10-1024x576.jpg\" alt=\"\" class=\"wp-image-1744\" srcset=\"http:\/\/novo.conservacao2.com\/wordpress\/wp-content\/uploads\/lud10-1024x576.jpg 1024w, http:\/\/novo.conservacao2.com\/wordpress\/wp-content\/uploads\/lud10-300x169.jpg 300w, http:\/\/novo.conservacao2.com\/wordpress\/wp-content\/uploads\/lud10-768x432.jpg 768w, http:\/\/novo.conservacao2.com\/wordpress\/wp-content\/uploads\/lud10-500x281.jpg 500w, http:\/\/novo.conservacao2.com\/wordpress\/wp-content\/uploads\/lud10-800x450.jpg 800w, http:\/\/novo.conservacao2.com\/wordpress\/wp-content\/uploads\/lud10-1280x720.jpg 1280w, http:\/\/novo.conservacao2.com\/wordpress\/wp-content\/uploads\/lud10.jpg 1366w\" sizes=\"(max-width: 1024px) 100vw, 1024px\" \/><\/figure>\n\n\n\n<p>Est\u00e1 a decorrer, integrado no projecto de reabilita\u00e7\u00e3o do Pal\u00e1cio Ludovice, a interven\u00e7\u00e3o de conserva\u00e7\u00e3o e restauro dos elementos p\u00e9treos, paramentos azulejares, v\u00e3os em madeira e pinturas murais, deste que \u00e9 um dos mais importantes conjuntos da hist\u00f3ria da arquitectura urbana de Lisboa.<\/p>\n","protected":false},"excerpt":{"rendered":"<p>Est\u00e1 a decorrer, integrado no projecto de reabilita\u00e7\u00e3o do Pal\u00e1cio Ludovice, a interven\u00e7\u00e3o de conserva\u00e7\u00e3o e restauro dos elementos p\u00e9treos, paramentos azulejares, v\u00e3os em madeira e pinturas murais, deste que \u00e9 um dos mais importantes conjuntos da hist\u00f3ria da arquitectura urbana de Lisboa.<\/p>\n","protected":false},"author":1,"featured_media":1799,"comment_status":"closed","ping_status":"open","sticky":false,"template":"","format":"standard","meta":{"_monsterinsights_skip_tracking":false,"_monsterinsights_sitenote_active":false,"_monsterinsights_sitenote_note":"","_monsterinsights_sitenote_category":0,"_vp_format_video_url":"","_vp_image_focal_point":[]},"categories":[403,705,371,541,641,333,105],"tags":[],"_links":{"self":[{"href":"http:\/\/novo.conservacao2.com\/wordpress\/wp-json\/wp\/v2\/posts\/1743"}],"collection":[{"href":"http:\/\/novo.conservacao2.com\/wordpress\/wp-json\/wp\/v2\/posts"}],"about":[{"href":"http:\/\/novo.conservacao2.com\/wordpress\/wp-json\/wp\/v2\/types\/post"}],"author":[{"embeddable":true,"href":"http:\/\/novo.conservacao2.com\/wordpress\/wp-json\/wp\/v2\/users\/1"}],"replies":[{"embeddable":true,"href":"http:\/\/novo.conservacao2.com\/wordpress\/wp-json\/wp\/v2\/comments?post=1743"}],"version-history":[{"count":1,"href":"http:\/\/novo.conservacao2.com\/wordpress\/wp-json\/wp\/v2\/posts\/1743\/revisions"}],"predecessor-version":[{"id":1745,"href":"http:\/\/novo.conservacao2.com\/wordpress\/wp-json\/wp\/v2\/posts\/1743\/revisions\/1745"}],"wp:featuredmedia":[{"embeddable":true,"href":"http:\/\/novo.conservacao2.com\/wordpress\/wp-json\/wp\/v2\/media\/1799"}],"wp:attachment":[{"href":"http:\/\/novo.conservacao2.com\/wordpress\/wp-json\/wp\/v2\/media?parent=1743"}],"wp:term":[{"taxonomy":"category","embeddable":true,"href":"http:\/\/novo.conservacao2.com\/wordpress\/wp-json\/wp\/v2\/categories?post=1743"},{"taxonomy":"post_tag","embeddable":true,"href":"http:\/\/novo.conservacao2.com\/wordpress\/wp-json\/wp\/v2\/tags?post=1743"}],"curies":[{"name":"wp","href":"https:\/\/api.w.org\/{rel}","templated":true}]}}