{"id":1855,"date":"2020-11-12T14:00:06","date_gmt":"2020-11-12T14:00:06","guid":{"rendered":"http:\/\/novo.conservacao2.com\/wordpress\/?p=1855"},"modified":"2022-02-22T13:10:32","modified_gmt":"2022-02-22T13:10:32","slug":"vila-maria-pia-2","status":"publish","type":"post","link":"http:\/\/novo.conservacao2.com\/wordpress\/pt\/2020\/11\/12\/vila-maria-pia-2\/","title":{"rendered":"Vila Maria Pia"},"content":{"rendered":"\n<p class=\"has-drop-cap\">Est\u00e1 a decorrer a interven\u00e7\u00e3o de reabilita\u00e7\u00e3o deste Chalet ecl\u00e9tico, virado para o Atl\u00e2ntico. Da autoria dos arquitetos Rosendo Carvalheira e Lu\u00eds d&#8217;\u00c1vila, constru\u00eddo no s\u00e9culo XIX, conta entre os seus elementos de interesse patrimonial as seguintes t\u00e9cnicas construtivas\/decorativas: cantarias; carpintarias; rebocos exteriores funcionais e decorativos; pintura decorativa; estuques decorativos; estruturas met\u00e1licas; mosaico hidr\u00e1ulico e embrechados.<br>\nA Conserva\u00e7\u00e3o ao Quadrado arrega\u00e7ou as mangas e est\u00e1 a fazer acontecer este projeto.<\/p>\n","protected":false},"excerpt":{"rendered":"<p>Est\u00e1 a decorrer a interven\u00e7\u00e3o de reabilita\u00e7\u00e3o deste Chalet ecl\u00e9tico, virado para o Atl\u00e2ntico. Da autoria dos arquitetos Rosendo Carvalheira e Lu\u00eds d&#8217;\u00c1vila, constru\u00eddo no s\u00e9culo XIX, conta entre os seus elementos de interesse patrimonial as seguintes t\u00e9cnicas construtivas\/decorativas: cantarias; carpintarias; rebocos exteriores funcionais e decorativos; pintura decorativa; estuques decorativos; estruturas met\u00e1licas; mosaico hidr\u00e1ulico e [&hellip;]<\/p>\n","protected":false},"author":1,"featured_media":1703,"comment_status":"closed","ping_status":"open","sticky":false,"template":"","format":"standard","meta":{"_monsterinsights_skip_tracking":false,"_monsterinsights_sitenote_active":false,"_monsterinsights_sitenote_note":"","_monsterinsights_sitenote_category":0,"_vp_format_video_url":"","_vp_image_focal_point":[]},"categories":[705,641,333],"tags":[],"_links":{"self":[{"href":"http:\/\/novo.conservacao2.com\/wordpress\/wp-json\/wp\/v2\/posts\/1855"}],"collection":[{"href":"http:\/\/novo.conservacao2.com\/wordpress\/wp-json\/wp\/v2\/posts"}],"about":[{"href":"http:\/\/novo.conservacao2.com\/wordpress\/wp-json\/wp\/v2\/types\/post"}],"author":[{"embeddable":true,"href":"http:\/\/novo.conservacao2.com\/wordpress\/wp-json\/wp\/v2\/users\/1"}],"replies":[{"embeddable":true,"href":"http:\/\/novo.conservacao2.com\/wordpress\/wp-json\/wp\/v2\/comments?post=1855"}],"version-history":[{"count":1,"href":"http:\/\/novo.conservacao2.com\/wordpress\/wp-json\/wp\/v2\/posts\/1855\/revisions"}],"predecessor-version":[{"id":1856,"href":"http:\/\/novo.conservacao2.com\/wordpress\/wp-json\/wp\/v2\/posts\/1855\/revisions\/1856"}],"wp:featuredmedia":[{"embeddable":true,"href":"http:\/\/novo.conservacao2.com\/wordpress\/wp-json\/wp\/v2\/media\/1703"}],"wp:attachment":[{"href":"http:\/\/novo.conservacao2.com\/wordpress\/wp-json\/wp\/v2\/media?parent=1855"}],"wp:term":[{"taxonomy":"category","embeddable":true,"href":"http:\/\/novo.conservacao2.com\/wordpress\/wp-json\/wp\/v2\/categories?post=1855"},{"taxonomy":"post_tag","embeddable":true,"href":"http:\/\/novo.conservacao2.com\/wordpress\/wp-json\/wp\/v2\/tags?post=1855"}],"curies":[{"name":"wp","href":"https:\/\/api.w.org\/{rel}","templated":true}]}}