{"id":1881,"date":"2022-02-22T15:42:25","date_gmt":"2022-02-22T15:42:25","guid":{"rendered":"http:\/\/novo.conservacao2.com\/wordpress\/?p=1881"},"modified":"2022-02-22T15:42:29","modified_gmt":"2022-02-22T15:42:29","slug":"painel-dourado-eduardo-nery-anf","status":"publish","type":"post","link":"http:\/\/novo.conservacao2.com\/wordpress\/pt\/2022\/02\/22\/painel-dourado-eduardo-nery-anf\/","title":{"rendered":"Painel dourado Eduardo Nery &#8211; ANF"},"content":{"rendered":"\n<p>A Conserva\u00e7\u00e3o ao Quadrado deu por terminada a interven\u00e7\u00e3o de conserva\u00e7\u00e3o e restauro do painel decorativo da autoria do artista pl\u00e1stico Eduardo Nery, que se encontra na Associa\u00e7\u00e3o Nacional de Farm\u00e1cias em plena Lisboa.<br>O painel de arte cin\u00e9tica datado de 1995, idealizado pelo artista Eduardo Nery e produzido pela Aleluia Cer\u00e2micas, consistia na constitui\u00e7\u00e3o de janelas douradas em ouro genu\u00edno, mimetizando a cad\u00eancia arquitect\u00f3nica do edif\u00edcio e intercaladas por colunas de cor ritmada.<\/p>\n","protected":false},"excerpt":{"rendered":"<p>A Conserva\u00e7\u00e3o ao Quadrado deu por terminada a interven\u00e7\u00e3o de conserva\u00e7\u00e3o e restauro do painel decorativo da autoria do artista pl\u00e1stico Eduardo Nery, que se encontra na Associa\u00e7\u00e3o Nacional de Farm\u00e1cias em plena Lisboa.O painel de arte cin\u00e9tica datado de 1995, idealizado pelo artista Eduardo Nery e produzido pela Aleluia Cer\u00e2micas, consistia na constitui\u00e7\u00e3o de [&hellip;]<\/p>\n","protected":false},"author":2,"featured_media":1879,"comment_status":"closed","ping_status":"open","sticky":false,"template":"","format":"standard","meta":{"_monsterinsights_skip_tracking":false,"_monsterinsights_sitenote_active":false,"_monsterinsights_sitenote_note":"","_monsterinsights_sitenote_category":0,"_vp_format_video_url":"","_vp_image_focal_point":[]},"categories":[403,641],"tags":[],"_links":{"self":[{"href":"http:\/\/novo.conservacao2.com\/wordpress\/wp-json\/wp\/v2\/posts\/1881"}],"collection":[{"href":"http:\/\/novo.conservacao2.com\/wordpress\/wp-json\/wp\/v2\/posts"}],"about":[{"href":"http:\/\/novo.conservacao2.com\/wordpress\/wp-json\/wp\/v2\/types\/post"}],"author":[{"embeddable":true,"href":"http:\/\/novo.conservacao2.com\/wordpress\/wp-json\/wp\/v2\/users\/2"}],"replies":[{"embeddable":true,"href":"http:\/\/novo.conservacao2.com\/wordpress\/wp-json\/wp\/v2\/comments?post=1881"}],"version-history":[{"count":1,"href":"http:\/\/novo.conservacao2.com\/wordpress\/wp-json\/wp\/v2\/posts\/1881\/revisions"}],"predecessor-version":[{"id":1882,"href":"http:\/\/novo.conservacao2.com\/wordpress\/wp-json\/wp\/v2\/posts\/1881\/revisions\/1882"}],"wp:featuredmedia":[{"embeddable":true,"href":"http:\/\/novo.conservacao2.com\/wordpress\/wp-json\/wp\/v2\/media\/1879"}],"wp:attachment":[{"href":"http:\/\/novo.conservacao2.com\/wordpress\/wp-json\/wp\/v2\/media?parent=1881"}],"wp:term":[{"taxonomy":"category","embeddable":true,"href":"http:\/\/novo.conservacao2.com\/wordpress\/wp-json\/wp\/v2\/categories?post=1881"},{"taxonomy":"post_tag","embeddable":true,"href":"http:\/\/novo.conservacao2.com\/wordpress\/wp-json\/wp\/v2\/tags?post=1881"}],"curies":[{"name":"wp","href":"https:\/\/api.w.org\/{rel}","templated":true}]}}