{"id":1886,"date":"2022-02-22T16:12:46","date_gmt":"2022-02-22T16:12:46","guid":{"rendered":"http:\/\/novo.conservacao2.com\/wordpress\/?p=1886"},"modified":"2022-02-22T16:12:56","modified_gmt":"2022-02-22T16:12:56","slug":"fonte-das-aguas-de-canecas","status":"publish","type":"post","link":"http:\/\/novo.conservacao2.com\/wordpress\/pt\/2022\/02\/22\/fonte-das-aguas-de-canecas\/","title":{"rendered":"Fonte das \u00c1guas de Cane\u00e7as"},"content":{"rendered":"\n<p>No ultimo trimestre de 2021, a Conserva\u00e7\u00e3o ao Quadrado terminou os trabalhos de conserva\u00e7\u00e3o e restauro da ic\u00f3nica fonte das \u00c1guas de Cane\u00e7as.<\/p>\n\n\n\n<p>Esta fonte fornecia \u00e1gua nobre a toda a Lisboa antiga, tendo sido agora transformada pela C\u00e2mara Municipal de Odivelas no Centro Interpretativo das \u00c1guas de Cane\u00e7as.<\/p>\n\n\n\n<p>\u00c9 j\u00e1 uma interven\u00e7\u00e3o premiada, tendo ganho o pr\u00e9mio arquitect\u00f3nico &#8220;<a href=\"https:\/\/archello.com\/project\/exhibition-center-of-canecas-waters?fbclid=IwAR2cByqpDbnGJ3ef23PeZJjfZjBDC8yIPymp1GqekRaJgOp__RBM8fzvIo4\" target=\"_blank\" rel=\"noreferrer noopener\">Melhor Projecto Archello de 2021<\/a>&#8220;.<\/p>\n\n\n\n<p>O trabalho de conserva\u00e7\u00e3o consistiu na re-constru\u00e7\u00e3o integral da cobertura e tecto em estuque decorativo, conserva\u00e7\u00e3o dos baixos relevos em cer\u00e2mica modelada, os tanques e janelas e arcadas relevadas ao estilo neo-manuelino.<\/p>\n\n\n\n<p>Teve a dura\u00e7\u00e3o de 8 meses e contou com a colabora\u00e7\u00e3o de doze t\u00e9cnicos.<\/p>\n\n\n\n<p>Mais informa\u00e7\u00f5es <a rel=\"noreferrer noopener\" href=\"https:\/\/espacodearquitetura.com\/projetos\/centro-interpretativo-das-aguas-de-canecas\/?fbclid=IwAR1cB4WsNpVHXtTIsOhtQxnUVeED0IE5Cs61o_UPn95uPBvkCo1VJn9ZwtU\" target=\"_blank\">aqui. <\/a><\/p>\n","protected":false},"excerpt":{"rendered":"<p>No ultimo trimestre de 2021, a Conserva\u00e7\u00e3o ao Quadrado terminou os trabalhos de conserva\u00e7\u00e3o e restauro da ic\u00f3nica fonte das \u00c1guas de Cane\u00e7as. Esta fonte fornecia \u00e1gua nobre a toda a Lisboa antiga, tendo sido agora transformada pela C\u00e2mara Municipal de Odivelas no Centro Interpretativo das \u00c1guas de Cane\u00e7as. \u00c9 j\u00e1 uma interven\u00e7\u00e3o premiada, tendo [&hellip;]<\/p>\n","protected":false},"author":2,"featured_media":1884,"comment_status":"closed","ping_status":"open","sticky":false,"template":"","format":"standard","meta":{"_monsterinsights_skip_tracking":false,"_monsterinsights_sitenote_active":false,"_monsterinsights_sitenote_note":"","_monsterinsights_sitenote_category":0,"_vp_format_video_url":"","_vp_image_focal_point":[]},"categories":[403,371,541,641,333],"tags":[],"_links":{"self":[{"href":"http:\/\/novo.conservacao2.com\/wordpress\/wp-json\/wp\/v2\/posts\/1886"}],"collection":[{"href":"http:\/\/novo.conservacao2.com\/wordpress\/wp-json\/wp\/v2\/posts"}],"about":[{"href":"http:\/\/novo.conservacao2.com\/wordpress\/wp-json\/wp\/v2\/types\/post"}],"author":[{"embeddable":true,"href":"http:\/\/novo.conservacao2.com\/wordpress\/wp-json\/wp\/v2\/users\/2"}],"replies":[{"embeddable":true,"href":"http:\/\/novo.conservacao2.com\/wordpress\/wp-json\/wp\/v2\/comments?post=1886"}],"version-history":[{"count":1,"href":"http:\/\/novo.conservacao2.com\/wordpress\/wp-json\/wp\/v2\/posts\/1886\/revisions"}],"predecessor-version":[{"id":1887,"href":"http:\/\/novo.conservacao2.com\/wordpress\/wp-json\/wp\/v2\/posts\/1886\/revisions\/1887"}],"wp:featuredmedia":[{"embeddable":true,"href":"http:\/\/novo.conservacao2.com\/wordpress\/wp-json\/wp\/v2\/media\/1884"}],"wp:attachment":[{"href":"http:\/\/novo.conservacao2.com\/wordpress\/wp-json\/wp\/v2\/media?parent=1886"}],"wp:term":[{"taxonomy":"category","embeddable":true,"href":"http:\/\/novo.conservacao2.com\/wordpress\/wp-json\/wp\/v2\/categories?post=1886"},{"taxonomy":"post_tag","embeddable":true,"href":"http:\/\/novo.conservacao2.com\/wordpress\/wp-json\/wp\/v2\/tags?post=1886"}],"curies":[{"name":"wp","href":"https:\/\/api.w.org\/{rel}","templated":true}]}}