{"id":1896,"date":"2022-02-23T11:08:05","date_gmt":"2022-02-23T11:08:05","guid":{"rendered":"http:\/\/novo.conservacao2.com\/wordpress\/?p=1896"},"modified":"2022-02-23T11:08:09","modified_gmt":"2022-02-23T11:08:09","slug":"estacao-de-vilar-formoso","status":"publish","type":"post","link":"http:\/\/novo.conservacao2.com\/wordpress\/pt\/2022\/02\/23\/estacao-de-vilar-formoso\/","title":{"rendered":"Esta\u00e7\u00e3o de Vilar Formoso"},"content":{"rendered":"\n<p>A esta\u00e7\u00e3o de Vilar Formoso encontra-se em interven\u00e7\u00e3o desde Janeiro. A ic\u00f3nica esta\u00e7\u00e3o, uma das mais decoradas e bonitas esta\u00e7\u00f5es de comboio de Portugal, encontra-se decorada com dezenas de pain\u00e9is figurativos, com representa\u00e7\u00f5es buc\u00f3licas e os momumentos nacionais espalhados pelas cidades portugueses.<\/p>\n\n\n\n<p>Este projecto envolve o restauro de todos os revestimentos cer\u00e2micos, o tratamento dos elementos p\u00e9treos e o restauro do painel &#8220;Bem-vindo a Portugal&#8221;. Ser\u00e1 realizada durante quatro meses e contar\u00e1 com a participa\u00e7\u00e3o de oito t\u00e9cnicos.<\/p>\n","protected":false},"excerpt":{"rendered":"<p>A esta\u00e7\u00e3o de Vilar Formoso encontra-se em interven\u00e7\u00e3o desde Janeiro. A ic\u00f3nica esta\u00e7\u00e3o, uma das mais decoradas e bonitas esta\u00e7\u00f5es de comboio de Portugal, encontra-se decorada com dezenas de pain\u00e9is figurativos, com representa\u00e7\u00f5es buc\u00f3licas e os momumentos nacionais espalhados pelas cidades portugueses. Este projecto envolve o restauro de todos os revestimentos cer\u00e2micos, o tratamento dos [&hellip;]<\/p>\n","protected":false},"author":1,"featured_media":1894,"comment_status":"closed","ping_status":"open","sticky":false,"template":"","format":"standard","meta":{"_monsterinsights_skip_tracking":false,"_monsterinsights_sitenote_active":false,"_monsterinsights_sitenote_note":"","_monsterinsights_sitenote_category":0,"_vp_format_video_url":"","_vp_image_focal_point":[]},"categories":[403,371,641],"tags":[],"_links":{"self":[{"href":"http:\/\/novo.conservacao2.com\/wordpress\/wp-json\/wp\/v2\/posts\/1896"}],"collection":[{"href":"http:\/\/novo.conservacao2.com\/wordpress\/wp-json\/wp\/v2\/posts"}],"about":[{"href":"http:\/\/novo.conservacao2.com\/wordpress\/wp-json\/wp\/v2\/types\/post"}],"author":[{"embeddable":true,"href":"http:\/\/novo.conservacao2.com\/wordpress\/wp-json\/wp\/v2\/users\/1"}],"replies":[{"embeddable":true,"href":"http:\/\/novo.conservacao2.com\/wordpress\/wp-json\/wp\/v2\/comments?post=1896"}],"version-history":[{"count":1,"href":"http:\/\/novo.conservacao2.com\/wordpress\/wp-json\/wp\/v2\/posts\/1896\/revisions"}],"predecessor-version":[{"id":1897,"href":"http:\/\/novo.conservacao2.com\/wordpress\/wp-json\/wp\/v2\/posts\/1896\/revisions\/1897"}],"wp:featuredmedia":[{"embeddable":true,"href":"http:\/\/novo.conservacao2.com\/wordpress\/wp-json\/wp\/v2\/media\/1894"}],"wp:attachment":[{"href":"http:\/\/novo.conservacao2.com\/wordpress\/wp-json\/wp\/v2\/media?parent=1896"}],"wp:term":[{"taxonomy":"category","embeddable":true,"href":"http:\/\/novo.conservacao2.com\/wordpress\/wp-json\/wp\/v2\/categories?post=1896"},{"taxonomy":"post_tag","embeddable":true,"href":"http:\/\/novo.conservacao2.com\/wordpress\/wp-json\/wp\/v2\/tags?post=1896"}],"curies":[{"name":"wp","href":"https:\/\/api.w.org\/{rel}","templated":true}]}}