{"id":1906,"date":"2023-01-27T11:26:08","date_gmt":"2023-01-27T11:26:08","guid":{"rendered":"http:\/\/novo.conservacao2.com\/wordpress\/?p=1906"},"modified":"2023-01-27T11:34:13","modified_gmt":"2023-01-27T11:34:13","slug":"padrao-memorial-do-convento-de-odivelas","status":"publish","type":"post","link":"http:\/\/novo.conservacao2.com\/wordpress\/pt\/2023\/01\/27\/padrao-memorial-do-convento-de-odivelas\/","title":{"rendered":"Padr\u00e3o Memorial do convento de Odivelas"},"content":{"rendered":"\n<p>A Conserva\u00e7\u00e3o ao Quadrado terminou em 2022 a interven\u00e7\u00e3o de conserva\u00e7\u00e3o e restauro do padr\u00e3o Memorial de Odivelas. <\/p>\n\n\n\n<p>Esta consistiu no tratamento profundo dos elementos p\u00e9treos e met\u00e1licos, que se encontravam bastante fragilizados e enegrecidos por crostas negras e contamina\u00e7\u00e3o biol\u00f3gica. <\/p>\n\n\n\n<p>Contou com a colabora\u00e7\u00e3o de quatro t\u00e9cnicos e teve a dura\u00e7\u00e3o de tr\u00eas meses.<\/p>\n","protected":false},"excerpt":{"rendered":"<p>A Conserva\u00e7\u00e3o ao Quadrado terminou em 2022 a interven\u00e7\u00e3o de conserva\u00e7\u00e3o e restauro do padr\u00e3o Memorial de Odivelas. Esta consistiu no tratamento profundo dos elementos p\u00e9treos e met\u00e1licos, que se encontravam bastante fragilizados e enegrecidos por crostas negras e contamina\u00e7\u00e3o biol\u00f3gica. Contou com a colabora\u00e7\u00e3o de quatro t\u00e9cnicos e teve a dura\u00e7\u00e3o de tr\u00eas meses.<\/p>\n","protected":false},"author":1,"featured_media":1904,"comment_status":"closed","ping_status":"open","sticky":false,"template":"","format":"standard","meta":{"_monsterinsights_skip_tracking":false,"_monsterinsights_sitenote_active":false,"_monsterinsights_sitenote_note":"","_monsterinsights_sitenote_category":0,"_vp_format_video_url":"","_vp_image_focal_point":[]},"categories":[497,371,641],"tags":[],"_links":{"self":[{"href":"http:\/\/novo.conservacao2.com\/wordpress\/wp-json\/wp\/v2\/posts\/1906"}],"collection":[{"href":"http:\/\/novo.conservacao2.com\/wordpress\/wp-json\/wp\/v2\/posts"}],"about":[{"href":"http:\/\/novo.conservacao2.com\/wordpress\/wp-json\/wp\/v2\/types\/post"}],"author":[{"embeddable":true,"href":"http:\/\/novo.conservacao2.com\/wordpress\/wp-json\/wp\/v2\/users\/1"}],"replies":[{"embeddable":true,"href":"http:\/\/novo.conservacao2.com\/wordpress\/wp-json\/wp\/v2\/comments?post=1906"}],"version-history":[{"count":2,"href":"http:\/\/novo.conservacao2.com\/wordpress\/wp-json\/wp\/v2\/posts\/1906\/revisions"}],"predecessor-version":[{"id":1911,"href":"http:\/\/novo.conservacao2.com\/wordpress\/wp-json\/wp\/v2\/posts\/1906\/revisions\/1911"}],"wp:featuredmedia":[{"embeddable":true,"href":"http:\/\/novo.conservacao2.com\/wordpress\/wp-json\/wp\/v2\/media\/1904"}],"wp:attachment":[{"href":"http:\/\/novo.conservacao2.com\/wordpress\/wp-json\/wp\/v2\/media?parent=1906"}],"wp:term":[{"taxonomy":"category","embeddable":true,"href":"http:\/\/novo.conservacao2.com\/wordpress\/wp-json\/wp\/v2\/categories?post=1906"},{"taxonomy":"post_tag","embeddable":true,"href":"http:\/\/novo.conservacao2.com\/wordpress\/wp-json\/wp\/v2\/tags?post=1906"}],"curies":[{"name":"wp","href":"https:\/\/api.w.org\/{rel}","templated":true}]}}