{"id":1928,"date":"2023-01-27T13:05:40","date_gmt":"2023-01-27T13:05:40","guid":{"rendered":"http:\/\/novo.conservacao2.com\/wordpress\/?p=1928"},"modified":"2023-01-27T13:05:43","modified_gmt":"2023-01-27T13:05:43","slug":"painel-do-sr-roubado","status":"publish","type":"post","link":"http:\/\/novo.conservacao2.com\/wordpress\/pt\/2023\/01\/27\/painel-do-sr-roubado\/","title":{"rendered":"Painel do Sr. Roubado"},"content":{"rendered":"\n<p>Ap\u00f3s o levantamento e tratamento conservativo para os pain\u00e9is do monumento em 2019 e o tratamento de limpeza dos elementos p\u00e9treos e met\u00e1licos em 2022. A Conserva\u00e7\u00e3o ao Quadrado volta ao Padr\u00e3o do Sr. Roubado para restaurar o painel de azulejos original do famoso monumento de Odivelas.<\/p>\n\n\n\n<p>A interven\u00e7\u00e3o foca-se no restauro de cariz museol\u00f3gico dos dois pain\u00e9is e a sua coloca\u00e7\u00e3o em suporte m\u00f3vel para posterior exposi\u00e7\u00e3o nas instala\u00e7\u00f5es da CM de Odivelas.<\/p>\n","protected":false},"excerpt":{"rendered":"<p>Ap\u00f3s o levantamento e tratamento conservativo para os pain\u00e9is do monumento em 2019 e o tratamento de limpeza dos elementos p\u00e9treos e met\u00e1licos em 2022. A Conserva\u00e7\u00e3o ao Quadrado volta ao Padr\u00e3o do Sr. Roubado para restaurar o painel de azulejos original do famoso monumento de Odivelas. A interven\u00e7\u00e3o foca-se no restauro de cariz museol\u00f3gico [&hellip;]<\/p>\n","protected":false},"author":1,"featured_media":1924,"comment_status":"closed","ping_status":"open","sticky":false,"template":"","format":"standard","meta":{"_monsterinsights_skip_tracking":false,"_monsterinsights_sitenote_active":false,"_monsterinsights_sitenote_note":"","_monsterinsights_sitenote_category":0,"_vp_format_video_url":"","_vp_image_focal_point":[]},"categories":[403,705,641],"tags":[],"_links":{"self":[{"href":"http:\/\/novo.conservacao2.com\/wordpress\/wp-json\/wp\/v2\/posts\/1928"}],"collection":[{"href":"http:\/\/novo.conservacao2.com\/wordpress\/wp-json\/wp\/v2\/posts"}],"about":[{"href":"http:\/\/novo.conservacao2.com\/wordpress\/wp-json\/wp\/v2\/types\/post"}],"author":[{"embeddable":true,"href":"http:\/\/novo.conservacao2.com\/wordpress\/wp-json\/wp\/v2\/users\/1"}],"replies":[{"embeddable":true,"href":"http:\/\/novo.conservacao2.com\/wordpress\/wp-json\/wp\/v2\/comments?post=1928"}],"version-history":[{"count":1,"href":"http:\/\/novo.conservacao2.com\/wordpress\/wp-json\/wp\/v2\/posts\/1928\/revisions"}],"predecessor-version":[{"id":1929,"href":"http:\/\/novo.conservacao2.com\/wordpress\/wp-json\/wp\/v2\/posts\/1928\/revisions\/1929"}],"wp:featuredmedia":[{"embeddable":true,"href":"http:\/\/novo.conservacao2.com\/wordpress\/wp-json\/wp\/v2\/media\/1924"}],"wp:attachment":[{"href":"http:\/\/novo.conservacao2.com\/wordpress\/wp-json\/wp\/v2\/media?parent=1928"}],"wp:term":[{"taxonomy":"category","embeddable":true,"href":"http:\/\/novo.conservacao2.com\/wordpress\/wp-json\/wp\/v2\/categories?post=1928"},{"taxonomy":"post_tag","embeddable":true,"href":"http:\/\/novo.conservacao2.com\/wordpress\/wp-json\/wp\/v2\/tags?post=1928"}],"curies":[{"name":"wp","href":"https:\/\/api.w.org\/{rel}","templated":true}]}}